{"id":4664,"date":"2023-04-03T12:11:14","date_gmt":"2023-04-03T12:11:14","guid":{"rendered":"https:\/\/www.stratumdesign.ch\/?p=4664"},"modified":"2023-06-01T13:39:41","modified_gmt":"2023-06-01T13:39:41","slug":"evolution-of-tide-series-6-new-chair-and-bar-stool-designs","status":"publish","type":"post","link":"https:\/\/www.stratumdesign.ch\/fr\/evolution-of-tide-series-6-new-chair-and-bar-stool-designs\/","title":{"rendered":"\u00c9volution de la s\u00e9rie Stratum TIDE : 6 nouveaux designs de chaises et de tabourets de bar"},"content":{"rendered":"<div data-elementor-type=\"wp-post\" data-elementor-id=\"4664\" class=\"elementor elementor-4664\" data-elementor-post-type=\"post\">\n\t\t\t\t\t\t<section class=\"elementor-section elementor-top-section elementor-element elementor-element-008f72c elementor-section-boxed elementor-section-height-default elementor-section-height-default\" data-id=\"008f72c\" data-element_type=\"section\" data-e-type=\"section\">\n\t\t\t\t\t\t<div class=\"elementor-container elementor-column-gap-default\">\n\t\t\t\t\t<div class=\"elementor-column elementor-col-100 elementor-top-column elementor-element elementor-element-fdcd1ae\" data-id=\"fdcd1ae\" data-element_type=\"column\" data-e-type=\"column\">\n\t\t\t<div class=\"elementor-widget-wrap elementor-element-populated\">\n\t\t\t\t\t\t<div class=\"elementor-element elementor-element-8ffc40d elementor-widget elementor-widget-heading\" data-id=\"8ffc40d\" data-element_type=\"widget\" data-e-type=\"widget\" data-widget_type=\"heading.default\">\n\t\t\t\t<div class=\"elementor-widget-container\">\n\t\t\t\t\t<h2 class=\"elementor-heading-title elementor-size-default\">Tabourets et chaises de bar personnalis\u00e9s, modernes, faits \u00e0 la main, inspir\u00e9s de la nature<\/h2>\t\t\t\t<\/div>\n\t\t\t\t<\/div>\n\t\t\t\t<div class=\"elementor-element elementor-element-e278789 elementor-widget elementor-widget-text-editor\" data-id=\"e278789\" data-element_type=\"widget\" data-e-type=\"widget\" data-widget_type=\"text-editor.default\">\n\t\t\t\t<div class=\"elementor-widget-container\">\n\t\t\t\t\t\t\t\t\t<p>Chez Stratum, nous nous sommes toujours consacr\u00e9s \u00e0 la cr\u00e9ation de meubles de luxe sur mesure exceptionnels qui non seulement r\u00e9sistent \u00e0 l&#039;\u00e9preuve du temps, mais repr\u00e9sentent \u00e9galement la pointe du design et de la durabilit\u00e9. S&#039;inspirant de la beaut\u00e9 et de la force de la nature, notre collection de chaises et de tabourets de bar personnalis\u00e9s TIDE incarne les vagues uniques et puissantes cr\u00e9\u00e9es par les mar\u00e9es hautes qui s&#039;\u00e9crasent sur les rochers.<\/p><p>Aujourd&#039;hui, nous sommes ravis de vous pr\u00e9senter la derni\u00e8re \u00e9volution de notre collection TIDE\u00a0: six nouveaux mod\u00e8les de tabourets de bar en bouleau baltique durable. Actuellement en phase de d\u00e9veloppement, ces mod\u00e8les sont disponibles en avant-premi\u00e8re sur demande. Nous invitons nos clients \u00e0 collaborer avec nous et \u00e0 nous apporter leur pr\u00e9cieuse contribution pour fa\u00e7onner le produit final. Ainsi, nous garantissons que nos cr\u00e9ations r\u00e9pondent non seulement \u00e0 leurs besoins, mais d\u00e9passent \u00e9galement leurs attentes, capturant l&#039;essence de la nature et la traduisant en un mobilier d&#039;exception.<\/p>\t\t\t\t\t\t\t\t<\/div>\n\t\t\t\t<\/div>\n\t\t\t\t\t<\/div>\n\t\t<\/div>\n\t\t\t\t\t<\/div>\n\t\t<\/section>\n\t\t\t\t<section class=\"elementor-section elementor-top-section elementor-element elementor-element-8c33840 elementor-section-boxed elementor-section-height-default elementor-section-height-default\" data-id=\"8c33840\" data-element_type=\"section\" data-e-type=\"section\">\n\t\t\t\t\t\t<div class=\"elementor-container elementor-column-gap-default\">\n\t\t\t\t\t<div class=\"elementor-column elementor-col-50 elementor-top-column elementor-element elementor-element-c1585a2\" data-id=\"c1585a2\" data-element_type=\"column\" data-e-type=\"column\">\n\t\t\t<div class=\"elementor-widget-wrap elementor-element-populated\">\n\t\t\t\t\t\t<div class=\"elementor-element elementor-element-6793bd9 elementor-widget elementor-widget-image\" data-id=\"6793bd9\" data-element_type=\"widget\" data-e-type=\"widget\" data-widget_type=\"image.default\">\n\t\t\t\t<div class=\"elementor-widget-container\">\n\t\t\t\t\t\t\t\t\t\t\t\t\t\t\t<img fetchpriority=\"high\" decoding=\"async\" width=\"1024\" height=\"1024\" src=\"https:\/\/www.stratumdesign.ch\/wp-content\/uploads\/sites\/5\/2023\/04\/V1-front_-1024x1024.jpg\" class=\"attachment-large size-large wp-image-4669\" alt=\"Tabouret de bar moderne\" srcset=\"https:\/\/www.stratumdesign.ch\/wp-content\/uploads\/sites\/5\/2023\/04\/V1-front_-1024x1024.jpg 1024w, https:\/\/www.stratumdesign.ch\/wp-content\/uploads\/sites\/5\/2023\/04\/V1-front_-300x300.jpg 300w, https:\/\/www.stratumdesign.ch\/wp-content\/uploads\/sites\/5\/2023\/04\/V1-front_-150x150.jpg 150w, https:\/\/www.stratumdesign.ch\/wp-content\/uploads\/sites\/5\/2023\/04\/V1-front_-768x768.jpg 768w, https:\/\/www.stratumdesign.ch\/wp-content\/uploads\/sites\/5\/2023\/04\/V1-front_-1536x1536.jpg 1536w, https:\/\/www.stratumdesign.ch\/wp-content\/uploads\/sites\/5\/2023\/04\/V1-front_-12x12.jpg 12w, https:\/\/www.stratumdesign.ch\/wp-content\/uploads\/sites\/5\/2023\/04\/V1-front_-350x350.jpg 350w, https:\/\/www.stratumdesign.ch\/wp-content\/uploads\/sites\/5\/2023\/04\/V1-front_-680x680.jpg 680w, https:\/\/www.stratumdesign.ch\/wp-content\/uploads\/sites\/5\/2023\/04\/V1-front_-100x100.jpg 100w, https:\/\/www.stratumdesign.ch\/wp-content\/uploads\/sites\/5\/2023\/04\/V1-front_.jpg 2000w\" sizes=\"(max-width: 1024px) 100vw, 1024px\" \/>\t\t\t\t\t\t\t\t\t\t\t\t\t\t\t<\/div>\n\t\t\t\t<\/div>\n\t\t\t\t\t<\/div>\n\t\t<\/div>\n\t\t\t\t<div class=\"elementor-column elementor-col-50 elementor-top-column elementor-element elementor-element-d105ece\" data-id=\"d105ece\" data-element_type=\"column\" data-e-type=\"column\">\n\t\t\t<div class=\"elementor-widget-wrap elementor-element-populated\">\n\t\t\t\t\t\t<div class=\"elementor-element elementor-element-8bd0663 elementor-widget elementor-widget-image\" data-id=\"8bd0663\" data-element_type=\"widget\" data-e-type=\"widget\" data-widget_type=\"image.default\">\n\t\t\t\t<div class=\"elementor-widget-container\">\n\t\t\t\t\t\t\t\t\t\t\t\t\t\t\t<img decoding=\"async\" width=\"1024\" height=\"1024\" data-src=\"https:\/\/www.stratumdesign.ch\/wp-content\/uploads\/sites\/5\/2023\/04\/V1back-1024x1024.jpg\" class=\"attachment-large size-large wp-image-4670 lazyload\" alt=\"Tabouret de bar moderne\" data-srcset=\"https:\/\/www.stratumdesign.ch\/wp-content\/uploads\/sites\/5\/2023\/04\/V1back-1024x1024.jpg 1024w, https:\/\/www.stratumdesign.ch\/wp-content\/uploads\/sites\/5\/2023\/04\/V1back-300x300.jpg 300w, https:\/\/www.stratumdesign.ch\/wp-content\/uploads\/sites\/5\/2023\/04\/V1back-150x150.jpg 150w, https:\/\/www.stratumdesign.ch\/wp-content\/uploads\/sites\/5\/2023\/04\/V1back-768x768.jpg 768w, https:\/\/www.stratumdesign.ch\/wp-content\/uploads\/sites\/5\/2023\/04\/V1back-1536x1536.jpg 1536w, https:\/\/www.stratumdesign.ch\/wp-content\/uploads\/sites\/5\/2023\/04\/V1back-12x12.jpg 12w, https:\/\/www.stratumdesign.ch\/wp-content\/uploads\/sites\/5\/2023\/04\/V1back-350x350.jpg 350w, https:\/\/www.stratumdesign.ch\/wp-content\/uploads\/sites\/5\/2023\/04\/V1back-680x680.jpg 680w, https:\/\/www.stratumdesign.ch\/wp-content\/uploads\/sites\/5\/2023\/04\/V1back-100x100.jpg 100w, https:\/\/www.stratumdesign.ch\/wp-content\/uploads\/sites\/5\/2023\/04\/V1back.jpg 2000w\" data-sizes=\"(max-width: 1024px) 100vw, 1024px\" src=\"data:image\/svg+xml;base64,PHN2ZyB3aWR0aD0iMSIgaGVpZ2h0PSIxIiB4bWxucz0iaHR0cDovL3d3dy53My5vcmcvMjAwMC9zdmciPjwvc3ZnPg==\" style=\"--smush-placeholder-width: 1024px; --smush-placeholder-aspect-ratio: 1024\/1024;\" \/>\t\t\t\t\t\t\t\t\t\t\t\t\t\t\t<\/div>\n\t\t\t\t<\/div>\n\t\t\t\t\t<\/div>\n\t\t<\/div>\n\t\t\t\t\t<\/div>\n\t\t<\/section>\n\t\t\t\t<section class=\"elementor-section elementor-top-section elementor-element elementor-element-04f879c elementor-section-boxed elementor-section-height-default elementor-section-height-default\" data-id=\"04f879c\" data-element_type=\"section\" data-e-type=\"section\">\n\t\t\t\t\t\t<div class=\"elementor-container elementor-column-gap-default\">\n\t\t\t\t\t<div class=\"elementor-column elementor-col-100 elementor-top-column elementor-element elementor-element-25408b5\" data-id=\"25408b5\" data-element_type=\"column\" data-e-type=\"column\">\n\t\t\t<div class=\"elementor-widget-wrap elementor-element-populated\">\n\t\t\t\t\t\t<div class=\"elementor-element elementor-element-83d2846 elementor-widget elementor-widget-heading\" data-id=\"83d2846\" data-element_type=\"widget\" data-e-type=\"widget\" data-widget_type=\"heading.default\">\n\t\t\t\t<div class=\"elementor-widget-container\">\n\t\t\t\t\t<h2 class=\"elementor-heading-title elementor-size-default\">Conception #1\u00a0: Confluence<\/h2>\t\t\t\t<\/div>\n\t\t\t\t<\/div>\n\t\t\t\t<div class=\"elementor-element elementor-element-cae8df2 elementor-widget elementor-widget-text-editor\" data-id=\"cae8df2\" data-element_type=\"widget\" data-e-type=\"widget\" data-widget_type=\"text-editor.default\">\n\t\t\t\t<div class=\"elementor-widget-container\">\n\t\t\t\t\t\t\t\t\t<p>Le premier design de notre nouvelle collection TIDE est Confluence. Cette pi\u00e8ce unique met en valeur la beaut\u00e9 du bois dur de bouleau de la Baltique, alors que des couches s\u00e9par\u00e9es (alias : Strata !) se rejoignent pour former les accoudoirs \u00e9l\u00e9gants. La fluidit\u00e9 du design rappelle un confluent de rivi\u00e8res, fusionnant harmonieusement en un tout unique et unifi\u00e9. Confluence est non seulement un ajout \u00e9tonnant \u00e0 tout bar ou salle \u00e0 manger haut de gamme, mais \u00e9galement un t\u00e9moignage du savoir-faire exceptionnel derri\u00e8re nos meubles de luxe sur mesure.<\/p>\t\t\t\t\t\t\t\t<\/div>\n\t\t\t\t<\/div>\n\t\t\t\t\t<\/div>\n\t\t<\/div>\n\t\t\t\t\t<\/div>\n\t\t<\/section>\n\t\t\t\t<section class=\"elementor-section elementor-top-section elementor-element elementor-element-4c4ff1d elementor-section-boxed elementor-section-height-default elementor-section-height-default\" data-id=\"4c4ff1d\" data-element_type=\"section\" data-e-type=\"section\">\n\t\t\t\t\t\t<div class=\"elementor-container elementor-column-gap-default\">\n\t\t\t\t\t<div class=\"elementor-column elementor-col-50 elementor-top-column elementor-element elementor-element-3b73664\" data-id=\"3b73664\" data-element_type=\"column\" data-e-type=\"column\">\n\t\t\t<div class=\"elementor-widget-wrap elementor-element-populated\">\n\t\t\t\t\t\t<div class=\"elementor-element elementor-element-115c72c elementor-widget elementor-widget-image\" data-id=\"115c72c\" data-element_type=\"widget\" data-e-type=\"widget\" data-widget_type=\"image.default\">\n\t\t\t\t<div class=\"elementor-widget-container\">\n\t\t\t\t\t\t\t\t\t\t\t\t\t\t\t<img decoding=\"async\" width=\"1024\" height=\"1024\" data-src=\"https:\/\/www.stratumdesign.ch\/wp-content\/uploads\/sites\/5\/2023\/04\/v2-front-1024x1024.jpg\" class=\"attachment-large size-large wp-image-4672 lazyload\" alt=\"Tabouret de bar moderne\" data-srcset=\"https:\/\/www.stratumdesign.ch\/wp-content\/uploads\/sites\/5\/2023\/04\/v2-front-1024x1024.jpg 1024w, https:\/\/www.stratumdesign.ch\/wp-content\/uploads\/sites\/5\/2023\/04\/v2-front-300x300.jpg 300w, https:\/\/www.stratumdesign.ch\/wp-content\/uploads\/sites\/5\/2023\/04\/v2-front-150x150.jpg 150w, https:\/\/www.stratumdesign.ch\/wp-content\/uploads\/sites\/5\/2023\/04\/v2-front-768x768.jpg 768w, https:\/\/www.stratumdesign.ch\/wp-content\/uploads\/sites\/5\/2023\/04\/v2-front-1536x1536.jpg 1536w, https:\/\/www.stratumdesign.ch\/wp-content\/uploads\/sites\/5\/2023\/04\/v2-front-12x12.jpg 12w, https:\/\/www.stratumdesign.ch\/wp-content\/uploads\/sites\/5\/2023\/04\/v2-front-350x350.jpg 350w, https:\/\/www.stratumdesign.ch\/wp-content\/uploads\/sites\/5\/2023\/04\/v2-front-680x680.jpg 680w, https:\/\/www.stratumdesign.ch\/wp-content\/uploads\/sites\/5\/2023\/04\/v2-front-100x100.jpg 100w, https:\/\/www.stratumdesign.ch\/wp-content\/uploads\/sites\/5\/2023\/04\/v2-front.jpg 2000w\" data-sizes=\"(max-width: 1024px) 100vw, 1024px\" src=\"data:image\/svg+xml;base64,PHN2ZyB3aWR0aD0iMSIgaGVpZ2h0PSIxIiB4bWxucz0iaHR0cDovL3d3dy53My5vcmcvMjAwMC9zdmciPjwvc3ZnPg==\" style=\"--smush-placeholder-width: 1024px; --smush-placeholder-aspect-ratio: 1024\/1024;\" \/>\t\t\t\t\t\t\t\t\t\t\t\t\t\t\t<\/div>\n\t\t\t\t<\/div>\n\t\t\t\t\t<\/div>\n\t\t<\/div>\n\t\t\t\t<div class=\"elementor-column elementor-col-50 elementor-top-column elementor-element elementor-element-194dba6\" data-id=\"194dba6\" data-element_type=\"column\" data-e-type=\"column\">\n\t\t\t<div class=\"elementor-widget-wrap elementor-element-populated\">\n\t\t\t\t\t\t<div class=\"elementor-element elementor-element-f370f7f elementor-widget elementor-widget-image\" data-id=\"f370f7f\" data-element_type=\"widget\" data-e-type=\"widget\" data-widget_type=\"image.default\">\n\t\t\t\t<div class=\"elementor-widget-container\">\n\t\t\t\t\t\t\t\t\t\t\t\t\t\t\t<img decoding=\"async\" width=\"1024\" height=\"1024\" data-src=\"https:\/\/www.stratumdesign.ch\/wp-content\/uploads\/sites\/5\/2023\/04\/v2-back-1024x1024.jpg\" class=\"attachment-large size-large wp-image-4671 lazyload\" alt=\"Tabouret de bar moderne\" data-srcset=\"https:\/\/www.stratumdesign.ch\/wp-content\/uploads\/sites\/5\/2023\/04\/v2-back-1024x1024.jpg 1024w, https:\/\/www.stratumdesign.ch\/wp-content\/uploads\/sites\/5\/2023\/04\/v2-back-300x300.jpg 300w, https:\/\/www.stratumdesign.ch\/wp-content\/uploads\/sites\/5\/2023\/04\/v2-back-150x150.jpg 150w, https:\/\/www.stratumdesign.ch\/wp-content\/uploads\/sites\/5\/2023\/04\/v2-back-768x768.jpg 768w, https:\/\/www.stratumdesign.ch\/wp-content\/uploads\/sites\/5\/2023\/04\/v2-back-1536x1536.jpg 1536w, https:\/\/www.stratumdesign.ch\/wp-content\/uploads\/sites\/5\/2023\/04\/v2-back-12x12.jpg 12w, https:\/\/www.stratumdesign.ch\/wp-content\/uploads\/sites\/5\/2023\/04\/v2-back-350x350.jpg 350w, https:\/\/www.stratumdesign.ch\/wp-content\/uploads\/sites\/5\/2023\/04\/v2-back-680x680.jpg 680w, https:\/\/www.stratumdesign.ch\/wp-content\/uploads\/sites\/5\/2023\/04\/v2-back-100x100.jpg 100w, https:\/\/www.stratumdesign.ch\/wp-content\/uploads\/sites\/5\/2023\/04\/v2-back.jpg 2000w\" data-sizes=\"(max-width: 1024px) 100vw, 1024px\" src=\"data:image\/svg+xml;base64,PHN2ZyB3aWR0aD0iMSIgaGVpZ2h0PSIxIiB4bWxucz0iaHR0cDovL3d3dy53My5vcmcvMjAwMC9zdmciPjwvc3ZnPg==\" style=\"--smush-placeholder-width: 1024px; --smush-placeholder-aspect-ratio: 1024\/1024;\" \/>\t\t\t\t\t\t\t\t\t\t\t\t\t\t\t<\/div>\n\t\t\t\t<\/div>\n\t\t\t\t\t<\/div>\n\t\t<\/div>\n\t\t\t\t\t<\/div>\n\t\t<\/section>\n\t\t\t\t<section class=\"elementor-section elementor-top-section elementor-element elementor-element-fecb115 elementor-section-boxed elementor-section-height-default elementor-section-height-default\" data-id=\"fecb115\" data-element_type=\"section\" data-e-type=\"section\">\n\t\t\t\t\t\t<div class=\"elementor-container elementor-column-gap-default\">\n\t\t\t\t\t<div class=\"elementor-column elementor-col-100 elementor-top-column elementor-element elementor-element-b12aa97\" data-id=\"b12aa97\" data-element_type=\"column\" data-e-type=\"column\">\n\t\t\t<div class=\"elementor-widget-wrap elementor-element-populated\">\n\t\t\t\t\t\t<div class=\"elementor-element elementor-element-195c8ca elementor-widget elementor-widget-heading\" data-id=\"195c8ca\" data-element_type=\"widget\" data-e-type=\"widget\" data-widget_type=\"heading.default\">\n\t\t\t\t<div class=\"elementor-widget-container\">\n\t\t\t\t\t<h2 class=\"elementor-heading-title elementor-size-default\">Conception #2\u00a0: le classique<\/h2>\t\t\t\t<\/div>\n\t\t\t\t<\/div>\n\t\t\t\t<div class=\"elementor-element elementor-element-b57a883 elementor-widget elementor-widget-text-editor\" data-id=\"b57a883\" data-element_type=\"widget\" data-e-type=\"widget\" data-widget_type=\"text-editor.default\">\n\t\t\t\t<div class=\"elementor-widget-container\">\n\t\t\t\t\t\t\t\t\t<p>Ensuite, nous vous proposons le Classic, un tabouret de bar qui allie avec \u00e9l\u00e9gance une base carr\u00e9e traditionnelle \u00e0 des \u00e9l\u00e9ments de design modernes. Il en r\u00e9sulte une assise stable et confortable, \u00e0 la fois \u00e9l\u00e9gante et intemporelle. Sa polyvalence en fait \u00e9galement un excellent choix pour une chaise de salle \u00e0 manger, alliant confort et sophistication.<\/p>\t\t\t\t\t\t\t\t<\/div>\n\t\t\t\t<\/div>\n\t\t\t\t\t<\/div>\n\t\t<\/div>\n\t\t\t\t\t<\/div>\n\t\t<\/section>\n\t\t\t\t<section class=\"elementor-section elementor-top-section elementor-element elementor-element-dc23c32 elementor-section-boxed elementor-section-height-default elementor-section-height-default\" data-id=\"dc23c32\" data-element_type=\"section\" data-e-type=\"section\">\n\t\t\t\t\t\t<div class=\"elementor-container elementor-column-gap-default\">\n\t\t\t\t\t<div class=\"elementor-column elementor-col-50 elementor-top-column elementor-element elementor-element-0de0cf3\" data-id=\"0de0cf3\" data-element_type=\"column\" data-e-type=\"column\">\n\t\t\t<div class=\"elementor-widget-wrap elementor-element-populated\">\n\t\t\t\t\t\t<div class=\"elementor-element elementor-element-e51dd06 elementor-widget elementor-widget-image\" data-id=\"e51dd06\" data-element_type=\"widget\" data-e-type=\"widget\" data-widget_type=\"image.default\">\n\t\t\t\t<div class=\"elementor-widget-container\">\n\t\t\t\t\t\t\t\t\t\t\t\t\t\t\t<img decoding=\"async\" width=\"1024\" height=\"1024\" data-src=\"https:\/\/www.stratumdesign.ch\/wp-content\/uploads\/sites\/5\/2023\/04\/v6-front-1024x1024.jpg\" class=\"attachment-large size-large wp-image-4680 lazyload\" alt=\"Tabouret de bar moderne\" data-srcset=\"https:\/\/www.stratumdesign.ch\/wp-content\/uploads\/sites\/5\/2023\/04\/v6-front-1024x1024.jpg 1024w, https:\/\/www.stratumdesign.ch\/wp-content\/uploads\/sites\/5\/2023\/04\/v6-front-300x300.jpg 300w, https:\/\/www.stratumdesign.ch\/wp-content\/uploads\/sites\/5\/2023\/04\/v6-front-150x150.jpg 150w, https:\/\/www.stratumdesign.ch\/wp-content\/uploads\/sites\/5\/2023\/04\/v6-front-768x768.jpg 768w, https:\/\/www.stratumdesign.ch\/wp-content\/uploads\/sites\/5\/2023\/04\/v6-front-1536x1536.jpg 1536w, https:\/\/www.stratumdesign.ch\/wp-content\/uploads\/sites\/5\/2023\/04\/v6-front-2048x2048.jpg 2048w, https:\/\/www.stratumdesign.ch\/wp-content\/uploads\/sites\/5\/2023\/04\/v6-front-12x12.jpg 12w, https:\/\/www.stratumdesign.ch\/wp-content\/uploads\/sites\/5\/2023\/04\/v6-front-350x350.jpg 350w, https:\/\/www.stratumdesign.ch\/wp-content\/uploads\/sites\/5\/2023\/04\/v6-front-680x680.jpg 680w, https:\/\/www.stratumdesign.ch\/wp-content\/uploads\/sites\/5\/2023\/04\/v6-front-100x100.jpg 100w\" data-sizes=\"(max-width: 1024px) 100vw, 1024px\" src=\"data:image\/svg+xml;base64,PHN2ZyB3aWR0aD0iMSIgaGVpZ2h0PSIxIiB4bWxucz0iaHR0cDovL3d3dy53My5vcmcvMjAwMC9zdmciPjwvc3ZnPg==\" style=\"--smush-placeholder-width: 1024px; --smush-placeholder-aspect-ratio: 1024\/1024;\" \/>\t\t\t\t\t\t\t\t\t\t\t\t\t\t\t<\/div>\n\t\t\t\t<\/div>\n\t\t\t\t\t<\/div>\n\t\t<\/div>\n\t\t\t\t<div class=\"elementor-column elementor-col-50 elementor-top-column elementor-element elementor-element-25a42d9\" data-id=\"25a42d9\" data-element_type=\"column\" data-e-type=\"column\">\n\t\t\t<div class=\"elementor-widget-wrap elementor-element-populated\">\n\t\t\t\t\t\t<div class=\"elementor-element elementor-element-15c143a elementor-widget elementor-widget-image\" data-id=\"15c143a\" data-element_type=\"widget\" data-e-type=\"widget\" data-widget_type=\"image.default\">\n\t\t\t\t<div class=\"elementor-widget-container\">\n\t\t\t\t\t\t\t\t\t\t\t\t\t\t\t<img decoding=\"async\" width=\"1024\" height=\"1024\" data-src=\"https:\/\/www.stratumdesign.ch\/wp-content\/uploads\/sites\/5\/2023\/04\/v6-back-1024x1024.jpg\" class=\"attachment-large size-large wp-image-4679 lazyload\" alt=\"\" data-srcset=\"https:\/\/www.stratumdesign.ch\/wp-content\/uploads\/sites\/5\/2023\/04\/v6-back-1024x1024.jpg 1024w, https:\/\/www.stratumdesign.ch\/wp-content\/uploads\/sites\/5\/2023\/04\/v6-back-300x300.jpg 300w, https:\/\/www.stratumdesign.ch\/wp-content\/uploads\/sites\/5\/2023\/04\/v6-back-150x150.jpg 150w, https:\/\/www.stratumdesign.ch\/wp-content\/uploads\/sites\/5\/2023\/04\/v6-back-768x768.jpg 768w, https:\/\/www.stratumdesign.ch\/wp-content\/uploads\/sites\/5\/2023\/04\/v6-back-1536x1536.jpg 1536w, https:\/\/www.stratumdesign.ch\/wp-content\/uploads\/sites\/5\/2023\/04\/v6-back-2048x2048.jpg 2048w, https:\/\/www.stratumdesign.ch\/wp-content\/uploads\/sites\/5\/2023\/04\/v6-back-12x12.jpg 12w, https:\/\/www.stratumdesign.ch\/wp-content\/uploads\/sites\/5\/2023\/04\/v6-back-350x350.jpg 350w, https:\/\/www.stratumdesign.ch\/wp-content\/uploads\/sites\/5\/2023\/04\/v6-back-680x680.jpg 680w, https:\/\/www.stratumdesign.ch\/wp-content\/uploads\/sites\/5\/2023\/04\/v6-back-100x100.jpg 100w\" data-sizes=\"(max-width: 1024px) 100vw, 1024px\" src=\"data:image\/svg+xml;base64,PHN2ZyB3aWR0aD0iMSIgaGVpZ2h0PSIxIiB4bWxucz0iaHR0cDovL3d3dy53My5vcmcvMjAwMC9zdmciPjwvc3ZnPg==\" style=\"--smush-placeholder-width: 1024px; --smush-placeholder-aspect-ratio: 1024\/1024;\" \/>\t\t\t\t\t\t\t\t\t\t\t\t\t\t\t<\/div>\n\t\t\t\t<\/div>\n\t\t\t\t\t<\/div>\n\t\t<\/div>\n\t\t\t\t\t<\/div>\n\t\t<\/section>\n\t\t\t\t<section class=\"elementor-section elementor-top-section elementor-element elementor-element-58909fd elementor-section-boxed elementor-section-height-default elementor-section-height-default\" data-id=\"58909fd\" data-element_type=\"section\" data-e-type=\"section\">\n\t\t\t\t\t\t<div class=\"elementor-container elementor-column-gap-default\">\n\t\t\t\t\t<div class=\"elementor-column elementor-col-100 elementor-top-column elementor-element elementor-element-2fab7af\" data-id=\"2fab7af\" data-element_type=\"column\" data-e-type=\"column\">\n\t\t\t<div class=\"elementor-widget-wrap elementor-element-populated\">\n\t\t\t\t\t\t<div class=\"elementor-element elementor-element-7482d20 elementor-widget elementor-widget-heading\" data-id=\"7482d20\" data-element_type=\"widget\" data-e-type=\"widget\" data-widget_type=\"heading.default\">\n\t\t\t\t<div class=\"elementor-widget-container\">\n\t\t\t\t\t<h2 class=\"elementor-heading-title elementor-size-default\">Conception #3\u00a0: la vague<\/h2>\t\t\t\t<\/div>\n\t\t\t\t<\/div>\n\t\t\t\t<div class=\"elementor-element elementor-element-9dc6818 elementor-widget elementor-widget-text-editor\" data-id=\"9dc6818\" data-element_type=\"widget\" data-e-type=\"widget\" data-widget_type=\"text-editor.default\">\n\t\t\t\t<div class=\"elementor-widget-container\">\n\t\t\t\t\t\t\t\t\t<p>Notre troisi\u00e8me cr\u00e9ation, The Wave, s&#039;inspire du mouvement fluide de l&#039;eau. Les courbes organiques de l&#039;assise imitent les douces ondulations de l&#039;oc\u00e9an, cr\u00e9ant une esth\u00e9tique harmonieuse et apaisante. The Wave est parfaite pour ceux qui souhaitent apporter une touche de tranquillit\u00e9 et d&#039;\u00e9l\u00e9gance \u00e0 leur int\u00e9rieur.<\/p>\t\t\t\t\t\t\t\t<\/div>\n\t\t\t\t<\/div>\n\t\t\t\t\t<\/div>\n\t\t<\/div>\n\t\t\t\t\t<\/div>\n\t\t<\/section>\n\t\t\t\t<section class=\"elementor-section elementor-top-section elementor-element elementor-element-bda9ba8 elementor-section-boxed elementor-section-height-default elementor-section-height-default\" data-id=\"bda9ba8\" data-element_type=\"section\" data-e-type=\"section\">\n\t\t\t\t\t\t<div class=\"elementor-container elementor-column-gap-default\">\n\t\t\t\t\t<div class=\"elementor-column elementor-col-50 elementor-top-column elementor-element elementor-element-7e62a32\" data-id=\"7e62a32\" data-element_type=\"column\" data-e-type=\"column\">\n\t\t\t<div class=\"elementor-widget-wrap elementor-element-populated\">\n\t\t\t\t\t\t<div class=\"elementor-element elementor-element-051d318 elementor-widget elementor-widget-image\" data-id=\"051d318\" data-element_type=\"widget\" data-e-type=\"widget\" data-widget_type=\"image.default\">\n\t\t\t\t<div class=\"elementor-widget-container\">\n\t\t\t\t\t\t\t\t\t\t\t\t\t\t\t<img decoding=\"async\" width=\"1024\" height=\"1024\" data-src=\"https:\/\/www.stratumdesign.ch\/wp-content\/uploads\/sites\/5\/2023\/04\/v4-front-1024x1024.jpg\" class=\"attachment-large size-large wp-image-4674 lazyload\" alt=\"Tabouret de bar moderne\" data-srcset=\"https:\/\/www.stratumdesign.ch\/wp-content\/uploads\/sites\/5\/2023\/04\/v4-front-1024x1024.jpg 1024w, https:\/\/www.stratumdesign.ch\/wp-content\/uploads\/sites\/5\/2023\/04\/v4-front-300x300.jpg 300w, https:\/\/www.stratumdesign.ch\/wp-content\/uploads\/sites\/5\/2023\/04\/v4-front-150x150.jpg 150w, https:\/\/www.stratumdesign.ch\/wp-content\/uploads\/sites\/5\/2023\/04\/v4-front-768x768.jpg 768w, https:\/\/www.stratumdesign.ch\/wp-content\/uploads\/sites\/5\/2023\/04\/v4-front-1536x1536.jpg 1536w, https:\/\/www.stratumdesign.ch\/wp-content\/uploads\/sites\/5\/2023\/04\/v4-front-12x12.jpg 12w, https:\/\/www.stratumdesign.ch\/wp-content\/uploads\/sites\/5\/2023\/04\/v4-front-350x350.jpg 350w, https:\/\/www.stratumdesign.ch\/wp-content\/uploads\/sites\/5\/2023\/04\/v4-front-680x680.jpg 680w, https:\/\/www.stratumdesign.ch\/wp-content\/uploads\/sites\/5\/2023\/04\/v4-front-100x100.jpg 100w, https:\/\/www.stratumdesign.ch\/wp-content\/uploads\/sites\/5\/2023\/04\/v4-front.jpg 2000w\" data-sizes=\"(max-width: 1024px) 100vw, 1024px\" src=\"data:image\/svg+xml;base64,PHN2ZyB3aWR0aD0iMSIgaGVpZ2h0PSIxIiB4bWxucz0iaHR0cDovL3d3dy53My5vcmcvMjAwMC9zdmciPjwvc3ZnPg==\" style=\"--smush-placeholder-width: 1024px; --smush-placeholder-aspect-ratio: 1024\/1024;\" \/>\t\t\t\t\t\t\t\t\t\t\t\t\t\t\t<\/div>\n\t\t\t\t<\/div>\n\t\t\t\t\t<\/div>\n\t\t<\/div>\n\t\t\t\t<div class=\"elementor-column elementor-col-50 elementor-top-column elementor-element elementor-element-e278433\" data-id=\"e278433\" data-element_type=\"column\" data-e-type=\"column\">\n\t\t\t<div class=\"elementor-widget-wrap elementor-element-populated\">\n\t\t\t\t\t\t<div class=\"elementor-element elementor-element-03b4e1c elementor-widget elementor-widget-image\" data-id=\"03b4e1c\" data-element_type=\"widget\" data-e-type=\"widget\" data-widget_type=\"image.default\">\n\t\t\t\t<div class=\"elementor-widget-container\">\n\t\t\t\t\t\t\t\t\t\t\t\t\t\t\t<img decoding=\"async\" width=\"1024\" height=\"1024\" data-src=\"https:\/\/www.stratumdesign.ch\/wp-content\/uploads\/sites\/5\/2023\/04\/v4-back-1024x1024.jpg\" class=\"attachment-large size-large wp-image-4673 lazyload\" alt=\"Tabouret de bar moderne\" data-srcset=\"https:\/\/www.stratumdesign.ch\/wp-content\/uploads\/sites\/5\/2023\/04\/v4-back-1024x1024.jpg 1024w, https:\/\/www.stratumdesign.ch\/wp-content\/uploads\/sites\/5\/2023\/04\/v4-back-300x300.jpg 300w, https:\/\/www.stratumdesign.ch\/wp-content\/uploads\/sites\/5\/2023\/04\/v4-back-150x150.jpg 150w, https:\/\/www.stratumdesign.ch\/wp-content\/uploads\/sites\/5\/2023\/04\/v4-back-768x768.jpg 768w, https:\/\/www.stratumdesign.ch\/wp-content\/uploads\/sites\/5\/2023\/04\/v4-back-1536x1536.jpg 1536w, https:\/\/www.stratumdesign.ch\/wp-content\/uploads\/sites\/5\/2023\/04\/v4-back-12x12.jpg 12w, https:\/\/www.stratumdesign.ch\/wp-content\/uploads\/sites\/5\/2023\/04\/v4-back-680x680.jpg 680w, https:\/\/www.stratumdesign.ch\/wp-content\/uploads\/sites\/5\/2023\/04\/v4-back-100x100.jpg 100w, https:\/\/www.stratumdesign.ch\/wp-content\/uploads\/sites\/5\/2023\/04\/v4-back.jpg 2000w\" data-sizes=\"(max-width: 1024px) 100vw, 1024px\" src=\"data:image\/svg+xml;base64,PHN2ZyB3aWR0aD0iMSIgaGVpZ2h0PSIxIiB4bWxucz0iaHR0cDovL3d3dy53My5vcmcvMjAwMC9zdmciPjwvc3ZnPg==\" style=\"--smush-placeholder-width: 1024px; --smush-placeholder-aspect-ratio: 1024\/1024;\" \/>\t\t\t\t\t\t\t\t\t\t\t\t\t\t\t<\/div>\n\t\t\t\t<\/div>\n\t\t\t\t\t<\/div>\n\t\t<\/div>\n\t\t\t\t\t<\/div>\n\t\t<\/section>\n\t\t\t\t<section class=\"elementor-section elementor-top-section elementor-element elementor-element-636f834 elementor-section-boxed elementor-section-height-default elementor-section-height-default\" data-id=\"636f834\" data-element_type=\"section\" data-e-type=\"section\">\n\t\t\t\t\t\t<div class=\"elementor-container elementor-column-gap-default\">\n\t\t\t\t\t<div class=\"elementor-column elementor-col-100 elementor-top-column elementor-element elementor-element-95a2981\" data-id=\"95a2981\" data-element_type=\"column\" data-e-type=\"column\">\n\t\t\t<div class=\"elementor-widget-wrap elementor-element-populated\">\n\t\t\t\t\t\t<div class=\"elementor-element elementor-element-770b050 elementor-widget elementor-widget-heading\" data-id=\"770b050\" data-element_type=\"widget\" data-e-type=\"widget\" data-widget_type=\"heading.default\">\n\t\t\t\t<div class=\"elementor-widget-container\">\n\t\t\t\t\t<h2 class=\"elementor-heading-title elementor-size-default\">Conception #4\u00a0: La danseuse<\/h2>\t\t\t\t<\/div>\n\t\t\t\t<\/div>\n\t\t\t\t<div class=\"elementor-element elementor-element-4983c55 elementor-widget elementor-widget-text-editor\" data-id=\"4983c55\" data-element_type=\"widget\" data-e-type=\"widget\" data-widget_type=\"text-editor.default\">\n\t\t\t\t<div class=\"elementor-widget-container\">\n\t\t\t\t\t\t\t\t\t<p>Le Dancer incarne la puissance de la simplicit\u00e9 et de l&#039;\u00e9l\u00e9gance. Son pi\u00e8tement \u00e9voque une robe classique, revisit\u00e9e avec modernit\u00e9. Son design unique offre un grand espace pour les jambes, ce qui en fait un choix id\u00e9al pour un tabouret de bar ou de comptoir. Ce mod\u00e8le est parfait pour les clients qui appr\u00e9cient la beaut\u00e9, le confort et la fonctionnalit\u00e9 de leurs meubles de luxe sur mesure.<\/p>\t\t\t\t\t\t\t\t<\/div>\n\t\t\t\t<\/div>\n\t\t\t\t\t<\/div>\n\t\t<\/div>\n\t\t\t\t\t<\/div>\n\t\t<\/section>\n\t\t\t\t<section class=\"elementor-section elementor-top-section elementor-element elementor-element-c994ada elementor-section-boxed elementor-section-height-default elementor-section-height-default\" data-id=\"c994ada\" data-element_type=\"section\" data-e-type=\"section\">\n\t\t\t\t\t\t<div class=\"elementor-container elementor-column-gap-default\">\n\t\t\t\t\t<div class=\"elementor-column elementor-col-50 elementor-top-column elementor-element elementor-element-052b382\" data-id=\"052b382\" data-element_type=\"column\" data-e-type=\"column\">\n\t\t\t<div class=\"elementor-widget-wrap elementor-element-populated\">\n\t\t\t\t\t\t<div class=\"elementor-element elementor-element-fe5c9e6 elementor-widget elementor-widget-image\" data-id=\"fe5c9e6\" data-element_type=\"widget\" data-e-type=\"widget\" data-widget_type=\"image.default\">\n\t\t\t\t<div class=\"elementor-widget-container\">\n\t\t\t\t\t\t\t\t\t\t\t\t\t\t\t<img decoding=\"async\" width=\"1024\" height=\"1024\" data-src=\"https:\/\/www.stratumdesign.ch\/wp-content\/uploads\/sites\/5\/2023\/04\/v5.2-front-1024x1024.jpg\" class=\"attachment-large size-large wp-image-4678 lazyload\" alt=\"tabouret de bar moderne\" data-srcset=\"https:\/\/www.stratumdesign.ch\/wp-content\/uploads\/sites\/5\/2023\/04\/v5.2-front-1024x1024.jpg 1024w, https:\/\/www.stratumdesign.ch\/wp-content\/uploads\/sites\/5\/2023\/04\/v5.2-front-300x300.jpg 300w, https:\/\/www.stratumdesign.ch\/wp-content\/uploads\/sites\/5\/2023\/04\/v5.2-front-150x150.jpg 150w, https:\/\/www.stratumdesign.ch\/wp-content\/uploads\/sites\/5\/2023\/04\/v5.2-front-768x768.jpg 768w, https:\/\/www.stratumdesign.ch\/wp-content\/uploads\/sites\/5\/2023\/04\/v5.2-front-1536x1536.jpg 1536w, https:\/\/www.stratumdesign.ch\/wp-content\/uploads\/sites\/5\/2023\/04\/v5.2-front-2048x2048.jpg 2048w, https:\/\/www.stratumdesign.ch\/wp-content\/uploads\/sites\/5\/2023\/04\/v5.2-front-12x12.jpg 12w, https:\/\/www.stratumdesign.ch\/wp-content\/uploads\/sites\/5\/2023\/04\/v5.2-front-350x350.jpg 350w, https:\/\/www.stratumdesign.ch\/wp-content\/uploads\/sites\/5\/2023\/04\/v5.2-front-680x680.jpg 680w, https:\/\/www.stratumdesign.ch\/wp-content\/uploads\/sites\/5\/2023\/04\/v5.2-front-100x100.jpg 100w\" data-sizes=\"(max-width: 1024px) 100vw, 1024px\" src=\"data:image\/svg+xml;base64,PHN2ZyB3aWR0aD0iMSIgaGVpZ2h0PSIxIiB4bWxucz0iaHR0cDovL3d3dy53My5vcmcvMjAwMC9zdmciPjwvc3ZnPg==\" style=\"--smush-placeholder-width: 1024px; --smush-placeholder-aspect-ratio: 1024\/1024;\" \/>\t\t\t\t\t\t\t\t\t\t\t\t\t\t\t<\/div>\n\t\t\t\t<\/div>\n\t\t\t\t\t<\/div>\n\t\t<\/div>\n\t\t\t\t<div class=\"elementor-column elementor-col-50 elementor-top-column elementor-element elementor-element-4b6c616\" data-id=\"4b6c616\" data-element_type=\"column\" data-e-type=\"column\">\n\t\t\t<div class=\"elementor-widget-wrap elementor-element-populated\">\n\t\t\t\t\t\t<div class=\"elementor-element elementor-element-077c9d6 elementor-widget elementor-widget-image\" data-id=\"077c9d6\" data-element_type=\"widget\" data-e-type=\"widget\" data-widget_type=\"image.default\">\n\t\t\t\t<div class=\"elementor-widget-container\">\n\t\t\t\t\t\t\t\t\t\t\t\t\t\t\t<img decoding=\"async\" width=\"1024\" height=\"1024\" data-src=\"https:\/\/www.stratumdesign.ch\/wp-content\/uploads\/sites\/5\/2023\/04\/v5.2-back-1024x1024.jpg\" class=\"attachment-large size-large wp-image-4677 lazyload\" alt=\"tabouret de bar moderne\" data-srcset=\"https:\/\/www.stratumdesign.ch\/wp-content\/uploads\/sites\/5\/2023\/04\/v5.2-back-1024x1024.jpg 1024w, https:\/\/www.stratumdesign.ch\/wp-content\/uploads\/sites\/5\/2023\/04\/v5.2-back-300x300.jpg 300w, https:\/\/www.stratumdesign.ch\/wp-content\/uploads\/sites\/5\/2023\/04\/v5.2-back-150x150.jpg 150w, https:\/\/www.stratumdesign.ch\/wp-content\/uploads\/sites\/5\/2023\/04\/v5.2-back-768x768.jpg 768w, https:\/\/www.stratumdesign.ch\/wp-content\/uploads\/sites\/5\/2023\/04\/v5.2-back-1536x1536.jpg 1536w, https:\/\/www.stratumdesign.ch\/wp-content\/uploads\/sites\/5\/2023\/04\/v5.2-back-2048x2048.jpg 2048w, https:\/\/www.stratumdesign.ch\/wp-content\/uploads\/sites\/5\/2023\/04\/v5.2-back-12x12.jpg 12w, https:\/\/www.stratumdesign.ch\/wp-content\/uploads\/sites\/5\/2023\/04\/v5.2-back-350x350.jpg 350w, https:\/\/www.stratumdesign.ch\/wp-content\/uploads\/sites\/5\/2023\/04\/v5.2-back-680x680.jpg 680w, https:\/\/www.stratumdesign.ch\/wp-content\/uploads\/sites\/5\/2023\/04\/v5.2-back-100x100.jpg 100w\" data-sizes=\"(max-width: 1024px) 100vw, 1024px\" src=\"data:image\/svg+xml;base64,PHN2ZyB3aWR0aD0iMSIgaGVpZ2h0PSIxIiB4bWxucz0iaHR0cDovL3d3dy53My5vcmcvMjAwMC9zdmciPjwvc3ZnPg==\" style=\"--smush-placeholder-width: 1024px; --smush-placeholder-aspect-ratio: 1024\/1024;\" \/>\t\t\t\t\t\t\t\t\t\t\t\t\t\t\t<\/div>\n\t\t\t\t<\/div>\n\t\t\t\t\t<\/div>\n\t\t<\/div>\n\t\t\t\t\t<\/div>\n\t\t<\/section>\n\t\t\t\t<section class=\"elementor-section elementor-top-section elementor-element elementor-element-e821bc9 elementor-section-boxed elementor-section-height-default elementor-section-height-default\" data-id=\"e821bc9\" data-element_type=\"section\" data-e-type=\"section\">\n\t\t\t\t\t\t<div class=\"elementor-container elementor-column-gap-default\">\n\t\t\t\t\t<div class=\"elementor-column elementor-col-100 elementor-top-column elementor-element elementor-element-836e9ba\" data-id=\"836e9ba\" data-element_type=\"column\" data-e-type=\"column\">\n\t\t\t<div class=\"elementor-widget-wrap elementor-element-populated\">\n\t\t\t\t\t\t<div class=\"elementor-element elementor-element-3cb906a elementor-widget elementor-widget-heading\" data-id=\"3cb906a\" data-element_type=\"widget\" data-e-type=\"widget\" data-widget_type=\"heading.default\">\n\t\t\t\t<div class=\"elementor-widget-container\">\n\t\t\t\t\t<h2 class=\"elementor-heading-title elementor-size-default\"><h2 data-elementor-setting-key=\"title\" data-pen-placeholder=\"Type Here...\" style=\"font-size: var( --e-global-typography-primary-font-size );font-weight: var( --e-global-typography-primary-font-weight );, sans-serif\">Design #5\u00a0: La danseuse pliss\u00e9e<\/h2><\/h2>\t\t\t\t<\/div>\n\t\t\t\t<\/div>\n\t\t\t\t<div class=\"elementor-element elementor-element-30becb1 elementor-widget elementor-widget-text-editor\" data-id=\"30becb1\" data-element_type=\"widget\" data-e-type=\"widget\" data-widget_type=\"text-editor.default\">\n\t\t\t\t<div class=\"elementor-widget-container\">\n\t\t\t\t\t\t\t\t\t<p>Le Pleated Dancer est un design captivant qui s&#039;inspire de son mod\u00e8le s\u0153ur, The Dancer. Ce tabouret de bar pr\u00e9sente un motif complexe cr\u00e9\u00e9 par des couches s\u00e9par\u00e9es qui<span style=\"color: var( --e-global-color-text ); font-family: var( --e-global-typography-text-font-family ), Sans-serif; font-weight: var( --e-global-typography-text-font-weight );\">\u00a0<\/span><span style=\"color: var( --e-global-color-text ); font-family: var( --e-global-typography-text-font-family ), Sans-serif; font-weight: var( --e-global-typography-text-font-weight );\">forment un effet pliss\u00e9,\u00a0<\/span><span style=\"color: var( --e-global-color-text ); font-family: var( --e-global-typography-text-font-family ), Sans-serif; font-weight: var( --e-global-typography-text-font-weight );\">\u00a0<\/span><span style=\"color: var( --e-global-color-text ); font-family: var( --e-global-typography-text-font-family ), Sans-serif; font-weight: var( --e-global-typography-text-font-weight );\">rappelant le tissu soigneusement pli\u00e9. Les contours \u00e9l\u00e9gants et les rayures distinctives fonctionnent en harmonie pour cr\u00e9er une \u0153uvre d&#039;art fonctionnelle visuellement frappante et \u00e9l\u00e9gante.\u00a0<\/span><\/p><p><span style=\"color: var( --e-global-color-text ); font-family: var( --e-global-typography-text-font-family ), Sans-serif; font-weight: var( --e-global-typography-text-font-weight );\">Tout aussi gracieux et s\u00e9duisant que son homologue, The Pleated Dancer ajoute une couche suppl\u00e9mentaire de sophistication gr\u00e2ce \u00e0 ses d\u00e9tails de conception uniques. Cette pi\u00e8ce compl\u00e8te parfaitement un int\u00e9rieur raffin\u00e9 et contemporain, o\u00f9 la complexit\u00e9 subtile du motif pliss\u00e9 peut v\u00e9ritablement briller.<\/span><\/p>\t\t\t\t\t\t\t\t<\/div>\n\t\t\t\t<\/div>\n\t\t\t\t\t<\/div>\n\t\t<\/div>\n\t\t\t\t\t<\/div>\n\t\t<\/section>\n\t\t\t\t<section class=\"elementor-section elementor-top-section elementor-element elementor-element-6fe606d elementor-section-boxed elementor-section-height-default elementor-section-height-default\" data-id=\"6fe606d\" data-element_type=\"section\" data-e-type=\"section\">\n\t\t\t\t\t\t<div class=\"elementor-container elementor-column-gap-default\">\n\t\t\t\t\t<div class=\"elementor-column elementor-col-50 elementor-top-column elementor-element elementor-element-add251f\" data-id=\"add251f\" data-element_type=\"column\" data-e-type=\"column\">\n\t\t\t<div class=\"elementor-widget-wrap elementor-element-populated\">\n\t\t\t\t\t\t<div class=\"elementor-element elementor-element-261b66a elementor-widget elementor-widget-image\" data-id=\"261b66a\" data-element_type=\"widget\" data-e-type=\"widget\" data-widget_type=\"image.default\">\n\t\t\t\t<div class=\"elementor-widget-container\">\n\t\t\t\t\t\t\t\t\t\t\t\t\t\t\t<img decoding=\"async\" width=\"1024\" height=\"1024\" data-src=\"https:\/\/www.stratumdesign.ch\/wp-content\/uploads\/sites\/5\/2023\/04\/v5-front-1024x1024.jpg\" class=\"attachment-large size-large wp-image-4676 lazyload\" alt=\"tabouret de bar moderne\" data-srcset=\"https:\/\/www.stratumdesign.ch\/wp-content\/uploads\/sites\/5\/2023\/04\/v5-front-1024x1024.jpg 1024w, https:\/\/www.stratumdesign.ch\/wp-content\/uploads\/sites\/5\/2023\/04\/v5-front-300x300.jpg 300w, https:\/\/www.stratumdesign.ch\/wp-content\/uploads\/sites\/5\/2023\/04\/v5-front-150x150.jpg 150w, https:\/\/www.stratumdesign.ch\/wp-content\/uploads\/sites\/5\/2023\/04\/v5-front-768x768.jpg 768w, https:\/\/www.stratumdesign.ch\/wp-content\/uploads\/sites\/5\/2023\/04\/v5-front-1536x1536.jpg 1536w, https:\/\/www.stratumdesign.ch\/wp-content\/uploads\/sites\/5\/2023\/04\/v5-front-2048x2048.jpg 2048w, https:\/\/www.stratumdesign.ch\/wp-content\/uploads\/sites\/5\/2023\/04\/v5-front-12x12.jpg 12w, https:\/\/www.stratumdesign.ch\/wp-content\/uploads\/sites\/5\/2023\/04\/v5-front-350x350.jpg 350w, https:\/\/www.stratumdesign.ch\/wp-content\/uploads\/sites\/5\/2023\/04\/v5-front-680x680.jpg 680w, https:\/\/www.stratumdesign.ch\/wp-content\/uploads\/sites\/5\/2023\/04\/v5-front-100x100.jpg 100w\" data-sizes=\"(max-width: 1024px) 100vw, 1024px\" src=\"data:image\/svg+xml;base64,PHN2ZyB3aWR0aD0iMSIgaGVpZ2h0PSIxIiB4bWxucz0iaHR0cDovL3d3dy53My5vcmcvMjAwMC9zdmciPjwvc3ZnPg==\" style=\"--smush-placeholder-width: 1024px; --smush-placeholder-aspect-ratio: 1024\/1024;\" \/>\t\t\t\t\t\t\t\t\t\t\t\t\t\t\t<\/div>\n\t\t\t\t<\/div>\n\t\t\t\t\t<\/div>\n\t\t<\/div>\n\t\t\t\t<div class=\"elementor-column elementor-col-50 elementor-top-column elementor-element elementor-element-7b88fac\" data-id=\"7b88fac\" data-element_type=\"column\" data-e-type=\"column\">\n\t\t\t<div class=\"elementor-widget-wrap elementor-element-populated\">\n\t\t\t\t\t\t<div class=\"elementor-element elementor-element-c7c4f13 elementor-widget elementor-widget-image\" data-id=\"c7c4f13\" data-element_type=\"widget\" data-e-type=\"widget\" data-widget_type=\"image.default\">\n\t\t\t\t<div class=\"elementor-widget-container\">\n\t\t\t\t\t\t\t\t\t\t\t\t\t\t\t<img decoding=\"async\" width=\"1024\" height=\"1024\" data-src=\"https:\/\/www.stratumdesign.ch\/wp-content\/uploads\/sites\/5\/2023\/04\/v5-back-1024x1024.jpg\" class=\"attachment-large size-large wp-image-4675 lazyload\" alt=\"tabouret de bar moderne\" data-srcset=\"https:\/\/www.stratumdesign.ch\/wp-content\/uploads\/sites\/5\/2023\/04\/v5-back-1024x1024.jpg 1024w, https:\/\/www.stratumdesign.ch\/wp-content\/uploads\/sites\/5\/2023\/04\/v5-back-300x300.jpg 300w, https:\/\/www.stratumdesign.ch\/wp-content\/uploads\/sites\/5\/2023\/04\/v5-back-150x150.jpg 150w, https:\/\/www.stratumdesign.ch\/wp-content\/uploads\/sites\/5\/2023\/04\/v5-back-768x768.jpg 768w, https:\/\/www.stratumdesign.ch\/wp-content\/uploads\/sites\/5\/2023\/04\/v5-back-1536x1536.jpg 1536w, https:\/\/www.stratumdesign.ch\/wp-content\/uploads\/sites\/5\/2023\/04\/v5-back-2048x2048.jpg 2048w, https:\/\/www.stratumdesign.ch\/wp-content\/uploads\/sites\/5\/2023\/04\/v5-back-12x12.jpg 12w, https:\/\/www.stratumdesign.ch\/wp-content\/uploads\/sites\/5\/2023\/04\/v5-back-350x350.jpg 350w, https:\/\/www.stratumdesign.ch\/wp-content\/uploads\/sites\/5\/2023\/04\/v5-back-680x680.jpg 680w, https:\/\/www.stratumdesign.ch\/wp-content\/uploads\/sites\/5\/2023\/04\/v5-back-100x100.jpg 100w\" data-sizes=\"(max-width: 1024px) 100vw, 1024px\" src=\"data:image\/svg+xml;base64,PHN2ZyB3aWR0aD0iMSIgaGVpZ2h0PSIxIiB4bWxucz0iaHR0cDovL3d3dy53My5vcmcvMjAwMC9zdmciPjwvc3ZnPg==\" style=\"--smush-placeholder-width: 1024px; --smush-placeholder-aspect-ratio: 1024\/1024;\" \/>\t\t\t\t\t\t\t\t\t\t\t\t\t\t\t<\/div>\n\t\t\t\t<\/div>\n\t\t\t\t\t<\/div>\n\t\t<\/div>\n\t\t\t\t\t<\/div>\n\t\t<\/section>\n\t\t\t\t<section class=\"elementor-section elementor-top-section elementor-element elementor-element-7bbf0a4 elementor-section-boxed elementor-section-height-default elementor-section-height-default\" data-id=\"7bbf0a4\" data-element_type=\"section\" data-e-type=\"section\">\n\t\t\t\t\t\t<div class=\"elementor-container elementor-column-gap-default\">\n\t\t\t\t\t<div class=\"elementor-column elementor-col-100 elementor-top-column elementor-element elementor-element-bdf6593\" data-id=\"bdf6593\" data-element_type=\"column\" data-e-type=\"column\">\n\t\t\t<div class=\"elementor-widget-wrap elementor-element-populated\">\n\t\t\t\t\t\t<div class=\"elementor-element elementor-element-537bd92 elementor-widget elementor-widget-heading\" data-id=\"537bd92\" data-element_type=\"widget\" data-e-type=\"widget\" data-widget_type=\"heading.default\">\n\t\t\t\t<div class=\"elementor-widget-container\">\n\t\t\t\t\t<h2 class=\"elementor-heading-title elementor-size-default\">Design #6\u00a0: La danseuse illumin\u00e9e<\/h2>\t\t\t\t<\/div>\n\t\t\t\t<\/div>\n\t\t\t\t<div class=\"elementor-element elementor-element-89397cc elementor-widget elementor-widget-text-editor\" data-id=\"89397cc\" data-element_type=\"widget\" data-e-type=\"widget\" data-widget_type=\"text-editor.default\">\n\t\t\t\t<div class=\"elementor-widget-container\">\n\t\t\t\t\t\t\t\t\t<p>Notre design final, The Illuminated Dancer est un design raffin\u00e9 et visuellement saisissant qui partage sa lign\u00e9e avec The Dancer et The Pleated Dancer. Ce tabouret de bar pr\u00e9sente les m\u00eames contours \u00e9l\u00e9gants que ses homologues, mais avec une touche unique : les couches s\u00e9par\u00e9es qui composent la base s&#039;ouvrent en bas, laissant passer la lumi\u00e8re et cr\u00e9ant un design visuellement plus l\u00e9ger. Les pieds distinctifs, qui fusionnent en s&#039;\u00e9levant pour former une structure solide, conf\u00e8rent un air de gr\u00e2ce et de sophistication \u00e0 la pi\u00e8ce.\u00a0<\/p><p>Le design a\u00e9rien de l&#039;Illuminated Dancer conf\u00e8re non seulement une impression d&#039;espace \u00e0 tout int\u00e9rieur, mais souligne \u00e9galement le savoir-faire exceptionnel et le souci du d\u00e9tail qui caract\u00e9risent la cr\u00e9ation de nos meubles de luxe sur mesure. Id\u00e9al pour les clients en qu\u00eate d&#039;une solution d&#039;assise contemporaine et innovante, l&#039;Illuminated Dancer allie style et fonctionnalit\u00e9 tout en restant fid\u00e8le \u00e0 son bois dur de bouleau de la Baltique, issu d&#039;une production durable.<\/p>\t\t\t\t\t\t\t\t<\/div>\n\t\t\t\t<\/div>\n\t\t\t\t\t<\/div>\n\t\t<\/div>\n\t\t\t\t\t<\/div>\n\t\t<\/section>\n\t\t\t\t<section class=\"elementor-section elementor-top-section elementor-element elementor-element-59dcaf9 elementor-section-boxed elementor-section-height-default elementor-section-height-default\" data-id=\"59dcaf9\" data-element_type=\"section\" data-e-type=\"section\">\n\t\t\t\t\t\t<div class=\"elementor-container elementor-column-gap-default\">\n\t\t\t\t\t<div class=\"elementor-column elementor-col-100 elementor-top-column elementor-element elementor-element-0adddde\" data-id=\"0adddde\" data-element_type=\"column\" data-e-type=\"column\">\n\t\t\t<div class=\"elementor-widget-wrap elementor-element-populated\">\n\t\t\t\t\t\t<div class=\"elementor-element elementor-element-bb8397d elementor-widget elementor-widget-heading\" data-id=\"bb8397d\" data-element_type=\"widget\" data-e-type=\"widget\" data-widget_type=\"heading.default\">\n\t\t\t\t<div class=\"elementor-widget-container\">\n\t\t\t\t\t<h2 class=\"elementor-heading-title elementor-size-default\">Co-cr\u00e9ons ensemble !<\/h2>\t\t\t\t<\/div>\n\t\t\t\t<\/div>\n\t\t\t\t<div class=\"elementor-element elementor-element-f167fa8 elementor-widget elementor-widget-text-editor\" data-id=\"f167fa8\" data-element_type=\"widget\" data-e-type=\"widget\" data-widget_type=\"text-editor.default\">\n\t\t\t\t<div class=\"elementor-widget-container\">\n\t\t\t\t\t\t\t\t\t<p>Nous sommes fiers de d\u00e9voiler ces 6 nouveaux designs comme l&#039;\u00e9volution de notre collection de chaises et de tabourets de bar personnalis\u00e9s TIDE, et nous vous invitons \u00e0 nous rejoindre dans ce voyage passionnant. En collaborant avec nos clients, nous pouvons nous assurer que chaque pi\u00e8ce est adapt\u00e9e \u00e0 leurs besoins sp\u00e9cifiques, am\u00e9liorant encore la beaut\u00e9, le confort et la fonctionnalit\u00e9 de nos meubles de luxe sur mesure.\u00a0<\/p><p>Produite en Suisse avec la plus grande attention aux d\u00e9tails, notre collection TIDE t\u00e9moigne de notre engagement envers la durabilit\u00e9, l&#039;artisanat et le design de pointe. Nous sommes impatients de travailler avec vous pour cr\u00e9er des pi\u00e8ces uniques et inoubliables qui rehausseront votre espace et deviendront des h\u00e9ritages pr\u00e9cieux pour les g\u00e9n\u00e9rations \u00e0 venir.\u00a0<\/p><p>Nous aimerions conna\u00eetre votre avis et vos commentaires sur ces cr\u00e9ations. Laquelle pr\u00e9f\u00e9rez-vous\u00a0? Vos commentaires nous sont pr\u00e9cieux, car ils contribuent \u00e0 fa\u00e7onner l&#039;avenir de nos collections et nous permettent de continuer \u00e0 cr\u00e9er des meubles qui r\u00e9pondent aux go\u00fbts et aux envies de nos clients. Pour obtenir un acc\u00e8s anticip\u00e9 \u00e0 ces cr\u00e9ations ou plus d&#039;informations, n&#039;h\u00e9sitez pas \u00e0 nous contacter. Ensemble, cr\u00e9ons un avenir plus durable et plus beau.<\/p>\t\t\t\t\t\t\t\t<\/div>\n\t\t\t\t<\/div>\n\t\t\t\t\t<\/div>\n\t\t<\/div>\n\t\t\t\t\t<\/div>\n\t\t<\/section>\n\t\t\t\t<\/div>","protected":false},"excerpt":{"rendered":"<p>Tabourets et chaises de bar sur mesure, modernes, faits \u00e0 la main, inspir\u00e9s de la nature Chez Stratum, nous nous sommes toujours consacr\u00e9s \u00e0 la cr\u00e9ation de meubles de luxe sur mesure exceptionnels qui non seulement r\u00e9sistent \u00e0 l&#039;\u00e9preuve du temps, mais repr\u00e9sentent \u00e9galement la pointe du design et de la durabilit\u00e9. S&#039;inspirant de la beaut\u00e9 et de la force de la nature, notre chaise et notre tabouret de bar personnalis\u00e9s TIDE\u2026<\/p>","protected":false},"author":2,"featured_media":4673,"comment_status":"open","ping_status":"open","sticky":false,"template":"","format":"standard","meta":{"rs_blank_template":"","rs_page_bg_color":"","slide_template_v7":"","wds_primary_category":0,"footnotes":""},"categories":[16],"tags":[],"class_list":["post-4664","post","type-post","status-publish","format-standard","has-post-thumbnail","hentry","category-design"],"_links":{"self":[{"href":"https:\/\/www.stratumdesign.ch\/fr\/wp-json\/wp\/v2\/posts\/4664","targetHints":{"allow":["GET"]}}],"collection":[{"href":"https:\/\/www.stratumdesign.ch\/fr\/wp-json\/wp\/v2\/posts"}],"about":[{"href":"https:\/\/www.stratumdesign.ch\/fr\/wp-json\/wp\/v2\/types\/post"}],"author":[{"embeddable":true,"href":"https:\/\/www.stratumdesign.ch\/fr\/wp-json\/wp\/v2\/users\/2"}],"replies":[{"embeddable":true,"href":"https:\/\/www.stratumdesign.ch\/fr\/wp-json\/wp\/v2\/comments?post=4664"}],"version-history":[{"count":0,"href":"https:\/\/www.stratumdesign.ch\/fr\/wp-json\/wp\/v2\/posts\/4664\/revisions"}],"wp:featuredmedia":[{"embeddable":true,"href":"https:\/\/www.stratumdesign.ch\/fr\/wp-json\/wp\/v2\/media\/4673"}],"wp:attachment":[{"href":"https:\/\/www.stratumdesign.ch\/fr\/wp-json\/wp\/v2\/media?parent=4664"}],"wp:term":[{"taxonomy":"category","embeddable":true,"href":"https:\/\/www.stratumdesign.ch\/fr\/wp-json\/wp\/v2\/categories?post=4664"},{"taxonomy":"post_tag","embeddable":true,"href":"https:\/\/www.stratumdesign.ch\/fr\/wp-json\/wp\/v2\/tags?post=4664"}],"curies":[{"name":"wp","href":"https:\/\/api.w.org\/{rel}","templated":true}]}}